{"id":6532,"date":"2020-05-30T04:14:18","date_gmt":"2020-05-30T02:14:18","guid":{"rendered":"http:\/\/netpehh.cluster028.hosting.ovh.net\/?p=6532"},"modified":"2020-05-30T04:16:24","modified_gmt":"2020-05-30T02:16:24","slug":"lifmeree-lance-le-programme-ifmeree-entreprendre","status":"publish","type":"post","link":"https:\/\/ifmeree.ac.ma\/?p=6532","title":{"rendered":"L\u2019IFMEREE Lance Le Programme \u00ab IFMEREE Entreprendre \u00bb"},"content":{"rendered":"<p>Erig\u00e9 en priorit\u00e9 dans le projet d\u2019\u00e9tablissement de l\u2019IFMEREE Oujda, l\u2019entrepreneuriat constitue un v\u00e9ritable levier pour l\u2019insertion professionnelle des stagiaires et des laur\u00e9ats, mais \u00e9galement pour la qualit\u00e9 de la formation. En outre, la strat\u00e9gie \u00e9nerg\u00e9tique nationale du Maroc, concr\u00e9tis\u00e9s par de multiples m\u00e9gaprojets et programmes (pompage solaire, efficacit\u00e9 \u00e9nerg\u00e9tique dans le b\u00e2timent, etc.), favorisent de r\u00e9elles opportunit\u00e9s d\u2019affaires pour les porteurs de projet de cr\u00e9ation d\u2019entreprise.<\/p>\n<span class=\"gdlr-core-space-shortcode\" style=\"margin-top: 15px ;\"  ><\/span>\n<p>La suite de l\u2019\u00e9v\u00e9nement a \u00e9t\u00e9 ponctu\u00e9e par trois expos\u00e9s sur l\u2019entrepreneuriat et un t\u00e9moignage d\u2019un jeune entrepreneur. Les trois expos\u00e9s ont \u00e9t\u00e9 respectivement pr\u00e9sent\u00e9s par Madame Ilham JDID, Charg\u00e9e de mission au Centre R\u00e9gional d\u2019Investissement (CRI) de la R\u00e9gion de l\u2019Oriental, Monsieur Nadir EYTHRIB, Directeur g\u00e9n\u00e9ral du Fonds d\u2019Investissement de la R\u00e9gional de l\u2019Oriental et Madame Nadia ZEDDOU, Responsable de d\u00e9veloppement au Cluster solaire \u2013 MASEN. Lors de leurs pr\u00e9sentations, les trois intervenants ont expos\u00e9 les dispositifs d\u2019accompagnement technique et financier des porteurs de projet et ont mis l\u2019accent sur les opportunit\u00e9s et les atouts de cr\u00e9ation d\u2019entreprise dans les m\u00e9tiers des \u00e9nergies renouvelables et de l\u2019efficacit\u00e9 \u00e9nerg\u00e9tique. L\u2019\u00e9v\u00e9nement a \u00e9t\u00e9 cl\u00f4tur\u00e9 par le t\u00e9moignage de M. Yassine ABBASSI, g\u00e9rant de la soci\u00e9t\u00e9 AMIGREEN, qui a partag\u00e9 avec les participants son parcours et ses conseils de jeune entrepreneur. Il est \u00e0 noter que cet \u00e9v\u00e9nement a \u00e9t\u00e9 \u00e9galement marqu\u00e9 par l\u2019annonce de cr\u00e9ation de la premi\u00e8re antenne r\u00e9gionale du Green Business Incubator (IGB) du cluster solaire \u00e0 l\u2019IFMEREE Oujda. Cet incubateur s\u2019\u00e9rigera en espace d\u2019accompagnement et de coaching entrepreneurial des porteurs de projets verts.<\/p>\n<span class=\"gdlr-core-space-shortcode\" style=\"margin-top: 30px ;\"  ><\/span>\n<p><img fetchpriority=\"high\" decoding=\"async\" class=\"aligncenter wp-image-6533 size-full\" src=\"http:\/\/localhost\/wp-content\/uploads\/2020\/05\/Sans-titre-2-p8whmi.png\" alt=\"\" width=\"607\" height=\"402\" srcset=\"https:\/\/ifmeree.ac.ma\/wp-content\/uploads\/2020\/05\/Sans-titre-2-p8whmi.png 607w, https:\/\/ifmeree.ac.ma\/wp-content\/uploads\/2020\/05\/Sans-titre-2-p8whmi-300x199.png 300w\" sizes=\"(max-width: 607px) 100vw, 607px\" \/><\/p>\n<span class=\"gdlr-core-space-shortcode\" style=\"margin-top: 30px ;\"  ><\/span>\n<div class=\"column-content \">Dans ce cadre, l\u2019IFMEREE a con\u00e7u un programme d\u2019accompagnement entrepreneurial, baptis\u00e9 \u00ab\u00a0IFMEREE Entreprendre\u00a0\u00bb, ayant pour vocation de stimuler l\u2019esprit entrepreneurial et d\u2019accompagner les stagiaires et les dipl\u00f4m\u00e9s de l\u2019IFMEREE porteurs de projets de cr\u00e9ation d\u2019entreprise. A terme, le programme devra permettre aux stagiaires et aux dipl\u00f4m\u00e9s de disposer d\u2019un mod\u00e8le d\u2019affaires viable leur permettant de se lancer dans l\u2019aventure entrepreneuriale. Pour annoncer le lancement de la premi\u00e8re \u00e9dition de ce programme, un kick-off meeting a eu lieu, le mardi 16 janvier 2018 \u00e0 Oujda, en pr\u00e9sence des partenaires du programme et des stagiaires et laur\u00e9ats de l\u2019IFMEREE Oujda. Soutenu par le programme Min Ajliki de l\u2019Association pour la Promotion de l&rsquo;Education et de la Formation \u00e0 l&rsquo;Etranger (APEFE) de la coop\u00e9ration belge, l\u2019\u00e9v\u00e9nement a \u00e9t\u00e9 entam\u00e9 par les mots d\u2019ouverture de Mohamed SEMMAA, Directeur de l\u2019IFMEREE Oujda, et Mohamed LAJDEL, Directeur r\u00e9gional de l\u2019ANAPEC Oriental<\/div>\n<blockquote><p>Destin\u00e9 aux stagiaires et laur\u00e9ats de l\u2019IFMEREE, le programme \u00ab\u00a0IFMEREE Entreprendre\u00a0\u00bb s\u2019\u00e9talera sur 4 \u00e9tapes cl\u00e9s\u00a0: appel \u00e0 projets de cr\u00e9ation d\u2019entreprise, ateliers de sensibilisation et de formation, s\u00e9ances de coaching des porteurs de projet pr\u00e9s\u00e9lectionn\u00e9s, s\u00e9lection et accompagnement des meilleurs porteurs de projet. Durant ses diff\u00e9rentes phases, le programme s\u2019appuiera sur la contribution de plusieurs partenaires de r\u00e9f\u00e9rence tels que la GIZ Maroc, APEFE, le cluster solaire et l\u2019ANAPEC.<\/p><\/blockquote>\n<p>&nbsp;<\/p>\n","protected":false},"excerpt":{"rendered":"<p>Erig\u00e9 en priorit\u00e9 dans le projet d\u2019\u00e9tablissement de l\u2019IFMEREE Oujda, l\u2019entrepreneuriat constitue un v\u00e9ritable levier pour l\u2019insertion professionnelle des stagiaires et des laur\u00e9ats, mais \u00e9galement pour la qualit\u00e9 de la [&hellip;]<\/p>\n","protected":false},"author":1,"featured_media":6534,"comment_status":"open","ping_status":"open","sticky":false,"template":"","format":"standard","meta":{"footnotes":""},"categories":[2],"tags":[],"class_list":["post-6532","post","type-post","status-publish","format-standard","has-post-thumbnail","hentry","category-blog"],"_links":{"self":[{"href":"https:\/\/ifmeree.ac.ma\/index.php?rest_route=\/wp\/v2\/posts\/6532","targetHints":{"allow":["GET"]}}],"collection":[{"href":"https:\/\/ifmeree.ac.ma\/index.php?rest_route=\/wp\/v2\/posts"}],"about":[{"href":"https:\/\/ifmeree.ac.ma\/index.php?rest_route=\/wp\/v2\/types\/post"}],"author":[{"embeddable":true,"href":"https:\/\/ifmeree.ac.ma\/index.php?rest_route=\/wp\/v2\/users\/1"}],"replies":[{"embeddable":true,"href":"https:\/\/ifmeree.ac.ma\/index.php?rest_route=%2Fwp%2Fv2%2Fcomments&post=6532"}],"version-history":[{"count":3,"href":"https:\/\/ifmeree.ac.ma\/index.php?rest_route=\/wp\/v2\/posts\/6532\/revisions"}],"predecessor-version":[{"id":6538,"href":"https:\/\/ifmeree.ac.ma\/index.php?rest_route=\/wp\/v2\/posts\/6532\/revisions\/6538"}],"wp:featuredmedia":[{"embeddable":true,"href":"https:\/\/ifmeree.ac.ma\/index.php?rest_route=\/wp\/v2\/media\/6534"}],"wp:attachment":[{"href":"https:\/\/ifmeree.ac.ma\/index.php?rest_route=%2Fwp%2Fv2%2Fmedia&parent=6532"}],"wp:term":[{"taxonomy":"category","embeddable":true,"href":"https:\/\/ifmeree.ac.ma\/index.php?rest_route=%2Fwp%2Fv2%2Fcategories&post=6532"},{"taxonomy":"post_tag","embeddable":true,"href":"https:\/\/ifmeree.ac.ma\/index.php?rest_route=%2Fwp%2Fv2%2Ftags&post=6532"}],"curies":[{"name":"wp","href":"https:\/\/api.w.org\/{rel}","templated":true}]}}